{"id":3978,"date":"2018-09-30T16:37:49","date_gmt":"2018-09-30T14:37:49","guid":{"rendered":"https:\/\/veesbook.net\/wordpress\/?p=3978"},"modified":"2019-04-13T18:15:19","modified_gmt":"2019-04-13T16:15:19","slug":"aus-der-strasse-im-rahrshorn-wird-der-heisterweg","status":"publish","type":"post","link":"https:\/\/veesbook.net\/wordpress\/aus-der-strasse-im-rahrshorn-wird-der-heisterweg\/","title":{"rendered":"Aus der Stra\u00dfe \u201eIm Rahrshorn\u201c wird der \u201eHeisterweg\u201c"},"content":{"rendered":"<p><img loading=\"lazy\" decoding=\"async\" class=\"size-full wp-image-3979 alignleft\" src=\"https:\/\/veesbook.net\/wordpress\/wp-content\/uploads\/2018\/09\/Heisterweg.png\" alt=\"\" width=\"265\" height=\"149\" \/><\/p>\n<p>Im Sommer 2018 wurde die Stra\u00dfe \u201eIm Rahrshorn\u201c in \u201eHeisterweg\u201c umbenannt.<\/p>\n<p>Immer wieder kam es zu Verwechslungen mit der Stra\u00dfe \u201eRahrshorn\u201c. Was bei Paketdiensten \u00e4rgerlich ist, bei medizinischer Hilfeleistungen aber lebensgef\u00e4hrlich werden kann. Deshalb sprach sich der Ortsrat im Einvernehmen mit den Anliegern der Stra\u00dfe \u201eIm Rahrshorn\u201c f\u00fcr die Umbenennung aus. Auch der Gemeinderat schloss sich diesem Votum an.<img loading=\"lazy\" decoding=\"async\" class=\"size-medium wp-image-4104 alignright\" src=\"https:\/\/veesbook.net\/wordpress\/wp-content\/uploads\/2018\/12\/Heisterweg-300x225.png\" alt=\"\" width=\"300\" height=\"225\" srcset=\"https:\/\/veesbook.net\/wordpress\/wp-content\/uploads\/2018\/12\/Heisterweg-300x225.png 300w, https:\/\/veesbook.net\/wordpress\/wp-content\/uploads\/2018\/12\/Heisterweg-593x445.png 593w, https:\/\/veesbook.net\/wordpress\/wp-content\/uploads\/2018\/12\/Heisterweg.png 1258w\" sizes=\"auto, (max-width: 300px) 100vw, 300px\" \/><\/p>\n<p>Vier Namensvorschl\u00e4ge wurden den Anwohnern vorgeschlagen. Zur Auswahl standen \u201eKleine Stra\u00dfe\u201c, \u201eKleine Allee\u201c, \u201eKurze Gasse\u201c sowie \u201eHeisterweg\u201c, der sich letztlich durchsetzte. Der Begriff \u201eHeister\u201c kommt aus dem Plattdeutschen und bedeutet ,Elster\u2018, die in dieser Stra\u00dfe auch immer wieder gesichtet wird.<\/p>\n<p><img loading=\"lazy\" decoding=\"async\" class=\"alignnone size-medium wp-image-4417\" src=\"https:\/\/veesbook.net\/wordpress\/wp-content\/uploads\/2019\/04\/190411-HeisterwegIm-Rahrshorn1a-220x300.jpg\" alt=\"\" width=\"220\" height=\"300\" srcset=\"https:\/\/veesbook.net\/wordpress\/wp-content\/uploads\/2019\/04\/190411-HeisterwegIm-Rahrshorn1a-220x300.jpg 220w, https:\/\/veesbook.net\/wordpress\/wp-content\/uploads\/2019\/04\/190411-HeisterwegIm-Rahrshorn1a-326x445.jpg 326w, https:\/\/veesbook.net\/wordpress\/wp-content\/uploads\/2019\/04\/190411-HeisterwegIm-Rahrshorn1a.jpg 1581w\" sizes=\"auto, (max-width: 220px) 100vw, 220px\" \/><\/p>\n<p>Foto und Bericht von Ralf J\u00fcrges<\/p>\n","protected":false},"excerpt":{"rendered":"<p>Im Sommer 2018 wurde die Stra\u00dfe \u201eIm Rahrshorn\u201c in \u201eHeisterweg\u201c umbenannt. Immer wieder kam es zu Verwechslungen mit der Stra\u00dfe \u201eRahrshorn\u201c. Was bei Paketdiensten \u00e4rgerlich ist, bei medizinischer Hilfeleistungen aber lebensgef\u00e4hrlich werden kann. Deshalb sprach sich der Ortsrat im Einvernehmen mit den Anliegern der Stra\u00dfe \u201eIm Rahrshorn\u201c f\u00fcr die Umbenennung aus. Auch der Gemeinderat schloss [&hellip;]<\/p>\n","protected":false},"author":11,"featured_media":0,"comment_status":"closed","ping_status":"closed","sticky":false,"template":"","format":"standard","meta":{"_genesis_hide_title":false,"_genesis_hide_breadcrumbs":false,"_genesis_hide_singular_image":false,"_genesis_hide_footer_widgets":false,"_genesis_custom_body_class":"","_genesis_custom_post_class":"","_genesis_layout":"","footnotes":""},"categories":[1],"tags":[],"class_list":{"0":"post-3978","1":"post","2":"type-post","3":"status-publish","4":"format-standard","6":"category-uncategorized","7":"entry"},"_links":{"self":[{"href":"https:\/\/veesbook.net\/wordpress\/wp-json\/wp\/v2\/posts\/3978","targetHints":{"allow":["GET"]}}],"collection":[{"href":"https:\/\/veesbook.net\/wordpress\/wp-json\/wp\/v2\/posts"}],"about":[{"href":"https:\/\/veesbook.net\/wordpress\/wp-json\/wp\/v2\/types\/post"}],"author":[{"embeddable":true,"href":"https:\/\/veesbook.net\/wordpress\/wp-json\/wp\/v2\/users\/11"}],"replies":[{"embeddable":true,"href":"https:\/\/veesbook.net\/wordpress\/wp-json\/wp\/v2\/comments?post=3978"}],"version-history":[{"count":8,"href":"https:\/\/veesbook.net\/wordpress\/wp-json\/wp\/v2\/posts\/3978\/revisions"}],"predecessor-version":[{"id":4632,"href":"https:\/\/veesbook.net\/wordpress\/wp-json\/wp\/v2\/posts\/3978\/revisions\/4632"}],"wp:attachment":[{"href":"https:\/\/veesbook.net\/wordpress\/wp-json\/wp\/v2\/media?parent=3978"}],"wp:term":[{"taxonomy":"category","embeddable":true,"href":"https:\/\/veesbook.net\/wordpress\/wp-json\/wp\/v2\/categories?post=3978"},{"taxonomy":"post_tag","embeddable":true,"href":"https:\/\/veesbook.net\/wordpress\/wp-json\/wp\/v2\/tags?post=3978"}],"curies":[{"name":"wp","href":"https:\/\/api.w.org\/{rel}","templated":true}]}}